{"id":160,"date":"2020-11-23T17:02:43","date_gmt":"2020-11-23T14:02:43","guid":{"rendered":"http:\/\/odispro.com\/blog\/?p=160"},"modified":"2021-06-23T15:02:44","modified_gmt":"2021-06-23T12:02:44","slug":"e-fatura-ve-e-arsiv-fatura-arasindaki-farklar-nelerdir","status":"publish","type":"post","link":"https:\/\/www.odispro.com\/blog\/e-fatura-ve-e-arsiv-fatura-arasindaki-farklar-nelerdir","title":{"rendered":"e-Fatura ve e-Ar\u015fiv Fatura Aras\u0131ndaki Farklar Nelerdir?"},"content":{"rendered":"<p>e-Fatura\u2019da sadece sistemde kay\u0131tl\u0131 kullan\u0131c\u0131lara e-Fatura g\u00f6nderilir ve al\u0131n\u0131r. E-Ar\u015fiv ise e-Fatura kapsam\u0131 d\u0131\u015f\u0131ndaki firma ve t\u00fcketicilere kesilen faturalar\u0131n da elektronik ortamda d\u00fczenlenmesini ve ikinci n\u00fcshas\u0131n\u0131n elektronik olarak muhafaza ve ibraz edilmesini sa\u011flar. \u00c7o\u011fu firma gibi siz de e-D\u00d6N\u00dc\u015e\u00dcME d\u00e2hil olmak istiyorsan\u0131z e-Ar\u015fiv uygulamas\u0131na ge\u00e7melisiniz. Kendi tercihinizle e-Ar\u015fiv faturaya ge\u00e7ebilirsiniz ancak bunun i\u00e7in <strong>e-Fatura uygulamas\u0131na<\/strong> kay\u0131tl\u0131 olman\u0131z gerekmektedir.<\/p>\n<h3><strong>e-Ar\u015fiv Fatura Nedir?<\/strong><\/h3>\n<ul>\n<li>VUK\u2019 un ilgili tebli\u011fi uyar\u0131nca k\u00e2\u011f\u0131t ortam\u0131nda d\u00fczenlenmek, muhafaza ve ibraz edilmek zorunlulu\u011fu olan faturan\u0131n, elektronik ortamda d\u00fczenlenmesi, muhafaza ve ibraz edilmesine imk\u00e2n sa\u011flayan uygulamad\u0131r.<\/li>\n<li>e-Ar\u015fiv hakk\u0131nda di\u011fer yaz\u0131m\u0131z\u0131 <a href=\"https:\/\/www.odispro.com\/blog\/e-arsiv-faturasi-nedir-e-arsiv-nedir\">inceleyebilirsiniz.<\/a><\/li>\n<\/ul>\n<h3><strong>e-Ar\u015fiv Fatura Kullan\u0131c\u0131s\u0131 Olma Zorunlulu\u011fu<\/strong><\/h3>\n<ul>\n<li>\u0130nternet \u00fczerinden mal ve hizmet sat\u0131\u015f\u0131 yapan ve 2015 ve m\u00fcteakip hesap d\u00f6nemlerinde br\u00fct sat\u0131\u015f h\u00e2s\u0131latlar\u0131 5 Milyon TL ve \u00fczerinde olan m\u00fckelleflere e-Ar\u015fiv Uygulamas\u0131na ge\u00e7me zorunlulu\u011fu getirilmi\u015ftir.<\/li>\n<li>S\u00f6z konusu m\u00fckellefler, 433 s\u0131ra numaral\u0131 Vergi Usul Kanunu Genel Tebli\u011finde belirtilen usul ve esaslar \u00e7er\u00e7evesinde ilgili hesap d\u00f6nemine ili\u015fkin gelir veya kurumlar vergisi beyannamesinin verilece\u011fi tarihi takip eden hesap d\u00f6neminin ba\u015f\u0131na kadar ba\u015fvurular\u0131n\u0131 ve fiili ge\u00e7i\u015f haz\u0131rl\u0131klar\u0131n\u0131 tamamlayarak e-Ar\u015fiv Uygulamas\u0131na ge\u00e7mek zorundad\u0131rlar.<\/li>\n<\/ul>\n<h2><strong>e-Fatura ve e-Ar\u015fiv Fatura Aras\u0131ndaki Farklar Nelerdir?<\/strong><\/h2>\n<h3><strong>e-Ar\u015fiv Fatura <\/strong><\/h3>\n<ul>\n<li>e-Ar\u015fiv; e-Faturan\u0131n bir alt dal\u0131d\u0131r.<\/li>\n<li>e-Fatura sistemine dahil olmayan bir firmaya veya ki\u015fiye fatura kesmek istedi\u011finizde e-ar\u015fivi kullanman\u0131z gerekir.<\/li>\n<li>Elektronik belge olarak bas\u0131l\u0131r.<\/li>\n<li>G\u0130B\u2019 e rapor verilir.<\/li>\n<li>Serbest format kullan\u0131l\u0131r.<\/li>\n<li>Zaman dalgas\u0131 ve mali m\u00fch\u00fcr ile onaylan\u0131p muhafaza edilir.<\/li>\n<li>\u00d6zel entegrat\u00f6r veya kendi bilgi sistemi kullan\u0131l\u0131r.<\/li>\n<li>\u0130nternet \u00fczerinden sat\u0131\u015f yapanlar\u0131n kullan\u0131m\u0131 zorunludur.<\/li>\n<\/ul>\n<h3><strong>e-Fatura<\/strong><\/h3>\n<ul>\n<li>G\u0130B arac\u0131l\u0131k g\u00f6revi g\u00f6r\u00fcr.<\/li>\n<li>Mali m\u00fch\u00fcr kullan\u0131l\u0131r.<\/li>\n<li>G\u0130B veya \u00d6zel entegrat\u00f6r kullan\u0131l\u0131r.<\/li>\n<li>Kullan\u0131m\u0131 belirli \u015fartlarda zorunludur.<\/li>\n<li>Format\u0131 zorunludur.<\/li>\n<\/ul>\n<h2><strong>Neden e-Ar\u015fiv Fatura Program\u0131 Kullanmal\u0131y\u0131m?<\/strong><\/h2>\n<h3><strong>e-Ar\u015fiv Faturan\u0131n Avantajlar\u0131 Nelerdir?<\/strong><\/h3>\n<p>e-Ar\u015fiv Fatura uygulamas\u0131n\u0131n s\u00fcre\u00e7lerinizi kolayla\u015ft\u0131racak ve h\u0131zland\u0131racak bir\u00e7ok avantaj\u0131 bulunmaktad\u0131r. Bunlar nelerdir?<\/p>\n<p>e- Ar\u015fiv Fatura elektronik ortamda haz\u0131rlan\u0131r ve g\u00f6nderilir yani;<\/p>\n<ul>\n<li>Kargo g\u00f6nderimini ortadan kald\u0131rarak size zaman kazand\u0131racakt\u0131r,<\/li>\n<li>K\u00e2\u011f\u0131t masraf\u0131nda tasarruf etmenizi sa\u011flayacakt\u0131r,<\/li>\n<li>Faturalar\u0131n\u0131z\u0131n kaybolma riskini tamamen ortadan kald\u0131racakt\u0131r,<\/li>\n<li>\u00c7evre dostudur,<\/li>\n<li>Tahsil\u00e2tlar\u0131n\u0131z\u0131 h\u0131zland\u0131rman\u0131z\u0131 sa\u011flayacakt\u0131r,<\/li>\n<li>Muhasebe i\u015flemleriniz art\u0131k daha kolay olacakt\u0131r.<\/li>\n<\/ul>\n","protected":false},"excerpt":{"rendered":"<p>e-Fatura\u2019da sadece sistemde kay\u0131tl\u0131 kullan\u0131c\u0131lara e-Fatura g\u00f6nderilir ve al\u0131n\u0131r. E-Ar\u015fiv ise e-Fatura kapsam\u0131 d\u0131\u015f\u0131ndaki firma ve t\u00fcketicilere kesilen faturalar\u0131n da<\/p>\n","protected":false},"author":2,"featured_media":850,"comment_status":"closed","ping_status":"open","sticky":false,"template":"","format":"standard","meta":[],"categories":[138],"tags":[103,102],"yoast_head":"<!-- This site is optimized with the Yoast SEO plugin v15.3 - https:\/\/yoast.com\/wordpress\/plugins\/seo\/ -->\r\n<title>e-Fatura ve e-Ar\u015fiv Fatura Aras\u0131ndaki Farklar Nelerdir?<\/title>\r\n<meta name=\"description\" content=\"e-Fatura\u2019da sadece sistemde kay\u0131tl\u0131 kullan\u0131c\u0131lara e-Fatura g\u00f6nderilir ve al\u0131n\u0131r. e-Fatura ve e-Ar\u015fiv Fatura Aras\u0131ndaki Farklar\" \/>\r\n<meta name=\"robots\" content=\"index, follow, max-snippet:-1, max-image-preview:large, max-video-preview:-1\" \/>\r\n<link rel=\"canonical\" href=\"https:\/\/www.odispro.com\/blog\/e-fatura-ve-e-arsiv-fatura-arasindaki-farklar-nelerdir\" \/>\r\n<meta property=\"og:locale\" content=\"tr_TR\" \/>\r\n<meta property=\"og:type\" content=\"article\" \/>\r\n<meta property=\"og:title\" content=\"e-Fatura ve e-Ar\u015fiv Fatura Aras\u0131ndaki Farklar Nelerdir?\" \/>\r\n<meta property=\"og:description\" content=\"e-Fatura\u2019da sadece sistemde kay\u0131tl\u0131 kullan\u0131c\u0131lara e-Fatura g\u00f6nderilir ve al\u0131n\u0131r. e-Fatura ve e-Ar\u015fiv Fatura Aras\u0131ndaki Farklar\" \/>\r\n<meta property=\"og:url\" content=\"https:\/\/www.odispro.com\/blog\/e-fatura-ve-e-arsiv-fatura-arasindaki-farklar-nelerdir\" \/>\r\n<meta property=\"og:site_name\" content=\"ODISPRO | Bulut \u00d6n Muhasebe ve \u0130\u015f Y\u00f6netim Yaz\u0131l\u0131m\u0131\" \/>\r\n<meta property=\"article:published_time\" content=\"2020-11-23T14:02:43+00:00\" \/>\r\n<meta property=\"article:modified_time\" content=\"2021-06-23T12:02:44+00:00\" \/>\r\n<meta property=\"og:image\" content=\"https:\/\/www.odispro.com\/blog\/wp-content\/uploads\/2020\/11\/e-fatura-e-arsiv.jpg\" \/>\r\n\t<meta property=\"og:image:width\" content=\"1000\" \/>\r\n\t<meta property=\"og:image:height\" content=\"666\" \/>\r\n<meta name=\"twitter:card\" content=\"summary_large_image\" \/>\r\n<meta name=\"twitter:label1\" content=\"Written by\">\n\t<meta name=\"twitter:data1\" content=\"ODISPRO\">\n\t<meta name=\"twitter:label2\" content=\"Tahmini okuma s\u00fcresi\">\n\t<meta name=\"twitter:data2\" content=\"2 dakika\">\r\n<script type=\"application\/ld+json\" class=\"yoast-schema-graph\">{\"@context\":\"https:\/\/schema.org\",\"@graph\":[{\"@type\":\"WebSite\",\"@id\":\"https:\/\/www.odispro.com\/blog\/#website\",\"url\":\"https:\/\/www.odispro.com\/blog\/\",\"name\":\"ODISPRO | Bulut \\u00d6n Muhasebe ve \\u0130\\u015f Y\\u00f6netim Yaz\\u0131l\\u0131m\\u0131\",\"description\":\"Bulut \\u00d6n Muhasebe ve \\u0130\\u015f Y\\u00f6netim Yaz\\u0131l\\u0131m\\u0131\",\"potentialAction\":[{\"@type\":\"SearchAction\",\"target\":\"https:\/\/www.odispro.com\/blog\/?s={search_term_string}\",\"query-input\":\"required name=search_term_string\"}],\"inLanguage\":\"tr\"},{\"@type\":\"ImageObject\",\"@id\":\"https:\/\/www.odispro.com\/blog\/e-fatura-ve-e-arsiv-fatura-arasindaki-farklar-nelerdir#primaryimage\",\"inLanguage\":\"tr\",\"url\":\"https:\/\/www.odispro.com\/blog\/wp-content\/uploads\/2020\/11\/e-fatura-e-arsiv.jpg\",\"width\":1000,\"height\":666,\"caption\":\"e-Fatura ve e-Ar\\u015fiv Fatura\"},{\"@type\":\"WebPage\",\"@id\":\"https:\/\/www.odispro.com\/blog\/e-fatura-ve-e-arsiv-fatura-arasindaki-farklar-nelerdir#webpage\",\"url\":\"https:\/\/www.odispro.com\/blog\/e-fatura-ve-e-arsiv-fatura-arasindaki-farklar-nelerdir\",\"name\":\"e-Fatura ve e-Ar\\u015fiv Fatura Aras\\u0131ndaki Farklar Nelerdir?\",\"isPartOf\":{\"@id\":\"https:\/\/www.odispro.com\/blog\/#website\"},\"primaryImageOfPage\":{\"@id\":\"https:\/\/www.odispro.com\/blog\/e-fatura-ve-e-arsiv-fatura-arasindaki-farklar-nelerdir#primaryimage\"},\"datePublished\":\"2020-11-23T14:02:43+00:00\",\"dateModified\":\"2021-06-23T12:02:44+00:00\",\"author\":{\"@id\":\"https:\/\/www.odispro.com\/blog\/#\/schema\/person\/f2977831424eb9db8062242c6d3d36ee\"},\"description\":\"e-Fatura\\u2019da sadece sistemde kay\\u0131tl\\u0131 kullan\\u0131c\\u0131lara e-Fatura g\\u00f6nderilir ve al\\u0131n\\u0131r. e-Fatura ve e-Ar\\u015fiv Fatura Aras\\u0131ndaki Farklar\",\"inLanguage\":\"tr\",\"potentialAction\":[{\"@type\":\"ReadAction\",\"target\":[\"https:\/\/www.odispro.com\/blog\/e-fatura-ve-e-arsiv-fatura-arasindaki-farklar-nelerdir\"]}]},{\"@type\":\"Person\",\"@id\":\"https:\/\/www.odispro.com\/blog\/#\/schema\/person\/f2977831424eb9db8062242c6d3d36ee\",\"name\":\"ODISPRO\",\"image\":{\"@type\":\"ImageObject\",\"@id\":\"https:\/\/www.odispro.com\/blog\/#personlogo\",\"inLanguage\":\"tr\",\"url\":\"https:\/\/secure.gravatar.com\/avatar\/089f6305a8b22f03ab2e10f8f0d38eab?s=96&d=mm&r=g\",\"caption\":\"ODISPRO\"}}]}<\/script>\r\n<!-- \/ Yoast SEO plugin. -->","_links":{"self":[{"href":"https:\/\/www.odispro.com\/blog\/wp-json\/wp\/v2\/posts\/160"}],"collection":[{"href":"https:\/\/www.odispro.com\/blog\/wp-json\/wp\/v2\/posts"}],"about":[{"href":"https:\/\/www.odispro.com\/blog\/wp-json\/wp\/v2\/types\/post"}],"author":[{"embeddable":true,"href":"https:\/\/www.odispro.com\/blog\/wp-json\/wp\/v2\/users\/2"}],"replies":[{"embeddable":true,"href":"https:\/\/www.odispro.com\/blog\/wp-json\/wp\/v2\/comments?post=160"}],"version-history":[{"count":9,"href":"https:\/\/www.odispro.com\/blog\/wp-json\/wp\/v2\/posts\/160\/revisions"}],"predecessor-version":[{"id":854,"href":"https:\/\/www.odispro.com\/blog\/wp-json\/wp\/v2\/posts\/160\/revisions\/854"}],"wp:featuredmedia":[{"embeddable":true,"href":"https:\/\/www.odispro.com\/blog\/wp-json\/wp\/v2\/media\/850"}],"wp:attachment":[{"href":"https:\/\/www.odispro.com\/blog\/wp-json\/wp\/v2\/media?parent=160"}],"wp:term":[{"taxonomy":"category","embeddable":true,"href":"https:\/\/www.odispro.com\/blog\/wp-json\/wp\/v2\/categories?post=160"},{"taxonomy":"post_tag","embeddable":true,"href":"https:\/\/www.odispro.com\/blog\/wp-json\/wp\/v2\/tags?post=160"}],"curies":[{"name":"wp","href":"https:\/\/api.w.org\/{rel}","templated":true}]}}